{"id":2528,"date":"2021-11-06T19:20:14","date_gmt":"2021-11-06T22:20:14","guid":{"rendered":"http:\/\/www.apedu.org.br\/site\/?p=2528"},"modified":"2025-01-06T20:11:57","modified_gmt":"2025-01-06T23:11:57","slug":"comunicado-nota-de-falecimento-professor-ricardo-feltre","status":"publish","type":"post","link":"https:\/\/www.apedu.org.br\/site\/comunicado-nota-de-falecimento-professor-ricardo-feltre\/","title":{"rendered":"Comunicado \u2013 Nota de falecimento Professor Ricardo Feltre"},"content":{"rendered":"<p><a href=\"https:\/\/www.apedu.org.br\/site\/wp-content\/uploads\/2021\/11\/y2kEbh0xf1nvyuRwDsXnYdxKuyGBT7b8g8TUDYTJDN3chTwfxX2CcFRA12mk57MejEjEojasK932xZXS.jpg\"><img loading=\"lazy\" decoding=\"async\" class=\"size-full wp-image-2534 aligncenter\" src=\"https:\/\/www.apedu.org.br\/site\/wp-content\/uploads\/2021\/11\/y2kEbh0xf1nvyuRwDsXnYdxKuyGBT7b8g8TUDYTJDN3chTwfxX2CcFRA12mk57MejEjEojasK932xZXS.jpg\" alt=\"\" width=\"635\" height=\"424\" srcset=\"https:\/\/www.apedu.org.br\/site\/wp-content\/uploads\/2021\/11\/y2kEbh0xf1nvyuRwDsXnYdxKuyGBT7b8g8TUDYTJDN3chTwfxX2CcFRA12mk57MejEjEojasK932xZXS.jpg 635w, https:\/\/www.apedu.org.br\/site\/wp-content\/uploads\/2021\/11\/y2kEbh0xf1nvyuRwDsXnYdxKuyGBT7b8g8TUDYTJDN3chTwfxX2CcFRA12mk57MejEjEojasK932xZXS-300x200.jpg 300w, https:\/\/www.apedu.org.br\/site\/wp-content\/uploads\/2021\/11\/y2kEbh0xf1nvyuRwDsXnYdxKuyGBT7b8g8TUDYTJDN3chTwfxX2CcFRA12mk57MejEjEojasK932xZXS-400x267.jpg 400w\" sizes=\"auto, (max-width: 635px) 100vw, 635px\" \/><\/a><\/p>\n<h4 class=\"gmail_default\"><strong>\u00c9 com pesar que informamos o falecimento do Professor Ricardo Feltre, fundador da Editora Moderna. Com grandes contribui\u00e7\u00f5es para o mercado editorial brasileiro, foi autor de livros de muito sucesso, amplamente usados no Ensino M\u00e9dio nas disciplinas de Qu\u00edmica e F\u00edsico-Qu\u00edmica. Feltre tamb\u00e9m foi vice-presidente no final dos anos 1980 e muito atuante na C\u00e2mara Brasileira do Livro, professor de muitas gera\u00e7\u00f5es no Curso Anglo e que tamb\u00e9m lecionou na Escola Polit\u00e9cnica da USP.<\/strong><\/h4>\n<h4>O vel\u00f3rio aconteceu no dia 06\/11 no Cemit\u00e9rio da Paz (Rua Dr. Luiz Migliano, 644).<\/h4>\n<h4>Deixamos aqui os nossos sentimentos \u00e0 fam\u00edlia e aos amigos.<\/h4>\n<p>&nbsp;<\/p>\n","protected":false},"excerpt":{"rendered":"<p>\u00c9 com pesar que informamos o falecimento do Professor Ricardo Feltre, fundador da Editora Moderna. Com grandes contribui\u00e7\u00f5es para o mercado editorial brasileiro, foi autor de livros de muito sucesso, amplamente usados no Ensino M\u00e9dio nas disciplinas de Qu\u00edmica e F\u00edsico-Qu\u00edmica. Feltre tamb\u00e9m foi vice-presidente no final dos anos 1980 e muito atuante na C\u00e2mara Brasileira do Livro, professor de muitas gera\u00e7\u00f5es no Curso Anglo e que tamb\u00e9m lecionou na Escola Polit\u00e9cnica da USP. O vel\u00f3rio aconteceu no dia 06\/11 no Cemit\u00e9rio da Paz (Rua Dr. Luiz Migliano, 644). Deixamos aqui os nossos sentimentos \u00e0 fam\u00edlia e aos amigos. &nbsp;<\/p>\n","protected":false},"author":3,"featured_media":2529,"comment_status":"open","ping_status":"open","sticky":false,"template":"","format":"standard","meta":{"footnotes":""},"categories":[11,1],"tags":[],"class_list":["post-2528","post","type-post","status-publish","format-standard","has-post-thumbnail","hentry","category-noticias","category-sem-categoria"],"_links":{"self":[{"href":"https:\/\/www.apedu.org.br\/site\/wp-json\/wp\/v2\/posts\/2528","targetHints":{"allow":["GET"]}}],"collection":[{"href":"https:\/\/www.apedu.org.br\/site\/wp-json\/wp\/v2\/posts"}],"about":[{"href":"https:\/\/www.apedu.org.br\/site\/wp-json\/wp\/v2\/types\/post"}],"author":[{"embeddable":true,"href":"https:\/\/www.apedu.org.br\/site\/wp-json\/wp\/v2\/users\/3"}],"replies":[{"embeddable":true,"href":"https:\/\/www.apedu.org.br\/site\/wp-json\/wp\/v2\/comments?post=2528"}],"version-history":[{"count":7,"href":"https:\/\/www.apedu.org.br\/site\/wp-json\/wp\/v2\/posts\/2528\/revisions"}],"predecessor-version":[{"id":2537,"href":"https:\/\/www.apedu.org.br\/site\/wp-json\/wp\/v2\/posts\/2528\/revisions\/2537"}],"wp:featuredmedia":[{"embeddable":true,"href":"https:\/\/www.apedu.org.br\/site\/wp-json\/wp\/v2\/media\/2529"}],"wp:attachment":[{"href":"https:\/\/www.apedu.org.br\/site\/wp-json\/wp\/v2\/media?parent=2528"}],"wp:term":[{"taxonomy":"category","embeddable":true,"href":"https:\/\/www.apedu.org.br\/site\/wp-json\/wp\/v2\/categories?post=2528"},{"taxonomy":"post_tag","embeddable":true,"href":"https:\/\/www.apedu.org.br\/site\/wp-json\/wp\/v2\/tags?post=2528"}],"curies":[{"name":"wp","href":"https:\/\/api.w.org\/{rel}","templated":true}]}}