{"id":2642,"date":"2022-06-08T15:20:02","date_gmt":"2022-06-08T18:20:02","guid":{"rendered":"http:\/\/www.apedu.org.br\/site\/?p=2642"},"modified":"2025-01-06T20:09:15","modified_gmt":"2025-01-06T23:09:15","slug":"convite-cerimonia-de-posse-do-prof-hubert-alqueres-como-secretario-de-estado-da-educacao-09-de-junho2022-as-17-horas","status":"publish","type":"post","link":"https:\/\/www.apedu.org.br\/site\/convite-cerimonia-de-posse-do-prof-hubert-alqueres-como-secretario-de-estado-da-educacao-09-de-junho2022-as-17-horas\/","title":{"rendered":"Convite &#8211; Cerim\u00f4nia de Posse do Prof. Hubert Alqu\u00e9res como Secret\u00e1rio de Estado da Educa\u00e7\u00e3o | 09 de junho\/2022 \u00e0s 17 horas."},"content":{"rendered":"<p><img loading=\"lazy\" decoding=\"async\" class=\"aligncenter wp-image-2643 size-full\" src=\"https:\/\/www.apedu.org.br\/site\/wp-content\/uploads\/2022\/06\/Hubert-Alqu\u00e9res-Convite.jpeg\" alt=\"\" width=\"1121\" height=\"1344\" srcset=\"https:\/\/www.apedu.org.br\/site\/wp-content\/uploads\/2022\/06\/Hubert-Alqu\u00e9res-Convite.jpeg 1121w, https:\/\/www.apedu.org.br\/site\/wp-content\/uploads\/2022\/06\/Hubert-Alqu\u00e9res-Convite-250x300.jpeg 250w, https:\/\/www.apedu.org.br\/site\/wp-content\/uploads\/2022\/06\/Hubert-Alqu\u00e9res-Convite-768x921.jpeg 768w, https:\/\/www.apedu.org.br\/site\/wp-content\/uploads\/2022\/06\/Hubert-Alqu\u00e9res-Convite-854x1024.jpeg 854w, https:\/\/www.apedu.org.br\/site\/wp-content\/uploads\/2022\/06\/Hubert-Alqu\u00e9res-Convite-400x480.jpeg 400w, https:\/\/www.apedu.org.br\/site\/wp-content\/uploads\/2022\/06\/Hubert-Alqu\u00e9res-Convite-500x600.jpeg 500w\" sizes=\"auto, (max-width: 1121px) 100vw, 1121px\" \/><\/p>\n","protected":false},"excerpt":{"rendered":"","protected":false},"author":3,"featured_media":2643,"comment_status":"open","ping_status":"open","sticky":false,"template":"","format":"standard","meta":{"footnotes":""},"categories":[11],"tags":[],"class_list":["post-2642","post","type-post","status-publish","format-standard","has-post-thumbnail","hentry","category-noticias"],"_links":{"self":[{"href":"https:\/\/www.apedu.org.br\/site\/wp-json\/wp\/v2\/posts\/2642","targetHints":{"allow":["GET"]}}],"collection":[{"href":"https:\/\/www.apedu.org.br\/site\/wp-json\/wp\/v2\/posts"}],"about":[{"href":"https:\/\/www.apedu.org.br\/site\/wp-json\/wp\/v2\/types\/post"}],"author":[{"embeddable":true,"href":"https:\/\/www.apedu.org.br\/site\/wp-json\/wp\/v2\/users\/3"}],"replies":[{"embeddable":true,"href":"https:\/\/www.apedu.org.br\/site\/wp-json\/wp\/v2\/comments?post=2642"}],"version-history":[{"count":1,"href":"https:\/\/www.apedu.org.br\/site\/wp-json\/wp\/v2\/posts\/2642\/revisions"}],"predecessor-version":[{"id":2644,"href":"https:\/\/www.apedu.org.br\/site\/wp-json\/wp\/v2\/posts\/2642\/revisions\/2644"}],"wp:featuredmedia":[{"embeddable":true,"href":"https:\/\/www.apedu.org.br\/site\/wp-json\/wp\/v2\/media\/2643"}],"wp:attachment":[{"href":"https:\/\/www.apedu.org.br\/site\/wp-json\/wp\/v2\/media?parent=2642"}],"wp:term":[{"taxonomy":"category","embeddable":true,"href":"https:\/\/www.apedu.org.br\/site\/wp-json\/wp\/v2\/categories?post=2642"},{"taxonomy":"post_tag","embeddable":true,"href":"https:\/\/www.apedu.org.br\/site\/wp-json\/wp\/v2\/tags?post=2642"}],"curies":[{"name":"wp","href":"https:\/\/api.w.org\/{rel}","templated":true}]}}