{"id":6263,"date":"2026-04-27T12:25:28","date_gmt":"2026-04-27T15:25:28","guid":{"rendered":"https:\/\/www.apedu.org.br\/site\/?p=6263"},"modified":"2026-04-27T12:25:29","modified_gmt":"2026-04-27T15:25:29","slug":"observatorio-da-imprensa-celebra-30-anos-e-disponibiliza-debate-sobre-os-caminhos-do-jornalismo","status":"publish","type":"post","link":"https:\/\/www.apedu.org.br\/site\/observatorio-da-imprensa-celebra-30-anos-e-disponibiliza-debate-sobre-os-caminhos-do-jornalismo\/","title":{"rendered":"Observat\u00f3rio da Imprensa celebra 30 anos e disponibiliza debate sobre os caminhos do jornalismo"},"content":{"rendered":"\n<figure class=\"wp-block-image size-full is-resized\"><img loading=\"lazy\" decoding=\"async\" width=\"990\" height=\"516\" src=\"https:\/\/www.apedu.org.br\/site\/wp-content\/uploads\/2026\/04\/image-5.png\" alt=\"\" class=\"wp-image-6264\" style=\"width:526px;height:auto\" srcset=\"https:\/\/www.apedu.org.br\/site\/wp-content\/uploads\/2026\/04\/image-5.png 990w, https:\/\/www.apedu.org.br\/site\/wp-content\/uploads\/2026\/04\/image-5-300x156.png 300w, https:\/\/www.apedu.org.br\/site\/wp-content\/uploads\/2026\/04\/image-5-768x400.png 768w, https:\/\/www.apedu.org.br\/site\/wp-content\/uploads\/2026\/04\/image-5-400x208.png 400w\" sizes=\"auto, (max-width: 990px) 100vw, 990px\" \/><\/figure>\n\n\n\n<p><\/p>\n\n\n\n<p>O Observat\u00f3rio da Imprensa, refer\u00eancia na an\u00e1lise cr\u00edtica da m\u00eddia no Brasil, celebrou seus 30 anos de atua\u00e7\u00e3o com a realiza\u00e7\u00e3o de um webinar especial dedicado \u00e0 reflex\u00e3o sobre os rumos do jornalismo. O encontro, transmitido ao vivo pelo canal do Projor no YouTube, permanece dispon\u00edvel para acesso p\u00fablico.<\/p>\n\n\n\n<p>Com o tema \u201c30 anos de reflex\u00f5es sobre o jornalismo\u201d, o debate reuniu nomes que participaram diretamente da constru\u00e7\u00e3o e consolida\u00e7\u00e3o do projeto ao longo de sua trajet\u00f3ria. Entre os participantes esteve o acad\u00eamico Carlos Vogt, professor, ex-reitor da Unicamp e um dos criadores do Observat\u00f3rio da Imprensa.<\/p>\n\n\n\n<p>Criado em 1996 no \u00e2mbito do Laborat\u00f3rio de Estudos Avan\u00e7ados em Jornalismo (Labjor\/Unicamp), o Observat\u00f3rio nasceu da iniciativa de Alberto Dines, Jos\u00e9 Marques de Melo e Carlos Vogt, com o objetivo de estabelecer um espa\u00e7o permanente de an\u00e1lise e debate sobre a pr\u00e1tica jornal\u00edstica. Ao longo de tr\u00eas d\u00e9cadas, o projeto se consolidou como uma das principais refer\u00eancias na cr\u00edtica de m\u00eddia no pa\u00eds, tendo sido tamb\u00e9m programa de televis\u00e3o exibido por emissoras p\u00fablicas, como a TV Cultura.<\/p>\n\n\n\n<p>A participa\u00e7\u00e3o de Carlos Vogt no encontro refor\u00e7a sua trajet\u00f3ria na interse\u00e7\u00e3o entre comunica\u00e7\u00e3o, educa\u00e7\u00e3o e produ\u00e7\u00e3o de conhecimento. Sua atua\u00e7\u00e3o na cria\u00e7\u00e3o do Observat\u00f3rio e no desenvolvimento do Labjor evidencia o compromisso com a qualifica\u00e7\u00e3o do jornalismo e com a forma\u00e7\u00e3o de profissionais atentos ao papel p\u00fablico da informa\u00e7\u00e3o.<\/p>\n\n\n\n<p>Al\u00e9m de Vogt, participaram do debate Francisco Belda, Carlos Castilho, Pedro Varoni, Simone Pallone e Rui Martins, todos com v\u00ednculos relevantes com a hist\u00f3ria do Observat\u00f3rio.<\/p>\n\n\n\n<p>O conte\u00fado completo do webinar <a href=\"https:\/\/www.youtube.com\/live\/W7bb_TZ36s8?si=8eAppfdrWKWhzI4d\">pode ser acessado aqui<\/a>.<br><\/p>\n","protected":false},"excerpt":{"rendered":"<p>O Observat\u00f3rio da Imprensa, refer\u00eancia na an\u00e1lise cr\u00edtica da m\u00eddia no Brasil, celebrou seus 30 anos de atua\u00e7\u00e3o com a realiza\u00e7\u00e3o de um webinar especial dedicado \u00e0 reflex\u00e3o sobre os rumos do jornalismo. O encontro, transmitido ao vivo pelo canal do Projor no YouTube, permanece dispon\u00edvel para acesso p\u00fablico. Com o tema \u201c30 anos de reflex\u00f5es sobre o jornalismo\u201d, o debate reuniu nomes que participaram diretamente da constru\u00e7\u00e3o e consolida\u00e7\u00e3o do projeto ao longo de sua trajet\u00f3ria. Entre os participantes esteve o acad\u00eamico Carlos Vogt, professor, ex-reitor da Unicamp e um dos criadores do Observat\u00f3rio da Imprensa. Criado em 1996 [&hellip;]<\/p>\n","protected":false},"author":3,"featured_media":6264,"comment_status":"open","ping_status":"open","sticky":false,"template":"","format":"standard","meta":{"footnotes":""},"categories":[11],"tags":[],"class_list":["post-6263","post","type-post","status-publish","format-standard","has-post-thumbnail","hentry","category-noticias"],"_links":{"self":[{"href":"https:\/\/www.apedu.org.br\/site\/wp-json\/wp\/v2\/posts\/6263","targetHints":{"allow":["GET"]}}],"collection":[{"href":"https:\/\/www.apedu.org.br\/site\/wp-json\/wp\/v2\/posts"}],"about":[{"href":"https:\/\/www.apedu.org.br\/site\/wp-json\/wp\/v2\/types\/post"}],"author":[{"embeddable":true,"href":"https:\/\/www.apedu.org.br\/site\/wp-json\/wp\/v2\/users\/3"}],"replies":[{"embeddable":true,"href":"https:\/\/www.apedu.org.br\/site\/wp-json\/wp\/v2\/comments?post=6263"}],"version-history":[{"count":1,"href":"https:\/\/www.apedu.org.br\/site\/wp-json\/wp\/v2\/posts\/6263\/revisions"}],"predecessor-version":[{"id":6265,"href":"https:\/\/www.apedu.org.br\/site\/wp-json\/wp\/v2\/posts\/6263\/revisions\/6265"}],"wp:featuredmedia":[{"embeddable":true,"href":"https:\/\/www.apedu.org.br\/site\/wp-json\/wp\/v2\/media\/6264"}],"wp:attachment":[{"href":"https:\/\/www.apedu.org.br\/site\/wp-json\/wp\/v2\/media?parent=6263"}],"wp:term":[{"taxonomy":"category","embeddable":true,"href":"https:\/\/www.apedu.org.br\/site\/wp-json\/wp\/v2\/categories?post=6263"},{"taxonomy":"post_tag","embeddable":true,"href":"https:\/\/www.apedu.org.br\/site\/wp-json\/wp\/v2\/tags?post=6263"}],"curies":[{"name":"wp","href":"https:\/\/api.w.org\/{rel}","templated":true}]}}