{"id":6267,"date":"2026-04-26T13:15:00","date_gmt":"2026-04-26T16:15:00","guid":{"rendered":"https:\/\/www.apedu.org.br\/site\/?p=6267"},"modified":"2026-04-27T13:21:36","modified_gmt":"2026-04-27T16:21:36","slug":"entrevista-com-ricardo-viveiros-sobre-novo-livro-ja-esta-disponivel-online","status":"publish","type":"post","link":"https:\/\/www.apedu.org.br\/site\/entrevista-com-ricardo-viveiros-sobre-novo-livro-ja-esta-disponivel-online\/","title":{"rendered":"Entrevista com Ricardo Viveiros sobre novo livro j\u00e1 est\u00e1 dispon\u00edvel online"},"content":{"rendered":"\n<figure class=\"wp-block-image size-large is-resized\"><img loading=\"lazy\" decoding=\"async\" width=\"1024\" height=\"698\" src=\"https:\/\/www.apedu.org.br\/site\/wp-content\/uploads\/2026\/04\/image-6-1024x698.png\" alt=\"\" class=\"wp-image-6268\" style=\"width:548px;height:auto\" srcset=\"https:\/\/www.apedu.org.br\/site\/wp-content\/uploads\/2026\/04\/image-6-1024x698.png 1024w, https:\/\/www.apedu.org.br\/site\/wp-content\/uploads\/2026\/04\/image-6-300x204.png 300w, https:\/\/www.apedu.org.br\/site\/wp-content\/uploads\/2026\/04\/image-6-768x523.png 768w, https:\/\/www.apedu.org.br\/site\/wp-content\/uploads\/2026\/04\/image-6-320x218.png 320w, https:\/\/www.apedu.org.br\/site\/wp-content\/uploads\/2026\/04\/image-6-160x110.png 160w, https:\/\/www.apedu.org.br\/site\/wp-content\/uploads\/2026\/04\/image-6-400x272.png 400w, https:\/\/www.apedu.org.br\/site\/wp-content\/uploads\/2026\/04\/image-6-881x600.png 881w, https:\/\/www.apedu.org.br\/site\/wp-content\/uploads\/2026\/04\/image-6.png 1057w\" sizes=\"auto, (max-width: 1024px) 100vw, 1024px\" \/><\/figure>\n\n\n\n<p><\/p>\n\n\n\n<p>J\u00e1 est\u00e1 dispon\u00edvel para acesso p\u00fablico a entrevista do Blog Novidades com o acad\u00eamico Ricardo Viveiros realizada durante o lan\u00e7amento de seu mais recente livro infantojuvenil, <em>\u201cA anta n\u00e3o \u00e9 burra. \u00c9 anta!\u201d<\/em>. O v\u00eddeo registra reflex\u00f5es do autor sobre o processo de cria\u00e7\u00e3o da obra, suas motiva\u00e7\u00f5es e o cuidado na abordagem de temas relacionados \u00e0 linguagem e \u00e0 forma\u00e7\u00e3o de valores.<\/p>\n\n\n\n<p>Na conversa, Viveiros comenta a origem do livro, que parte do inc\u00f4modo com o uso de express\u00f5es pejorativas no cotidiano, especialmente entre crian\u00e7as, e destaca o car\u00e1ter educativo da narrativa, constru\u00edda a partir de pesquisa e di\u00e1logo com especialistas .<\/p>\n\n\n\n<p>Autor de mais de 50 obras e com trajet\u00f3ria consolidada no jornalismo e na literatura, Ricardo Viveiros reafirma, na entrevista, a import\u00e2ncia da literatura infantojuvenil como instrumento formativo, capaz de influenciar a constru\u00e7\u00e3o de refer\u00eancias culturais e \u00e9ticas desde cedo.<\/p>\n\n\n\n<p>A Academia Paulista de Educa\u00e7\u00e3o disponibiliza o conte\u00fado completo da entrevista, ampliando o acesso ao debate e \u00e0 produ\u00e7\u00e3o de seus membros.<\/p>\n\n\n\n<p><a href=\"https:\/\/www.youtube.com\/watch?v=VzPZN_PNueg\">Assista \u00e0 entrevista aqui.<\/a><br><\/p>\n","protected":false},"excerpt":{"rendered":"<p>J\u00e1 est\u00e1 dispon\u00edvel para acesso p\u00fablico a entrevista do Blog Novidades com o acad\u00eamico Ricardo Viveiros realizada durante o lan\u00e7amento de seu mais recente livro infantojuvenil, \u201cA anta n\u00e3o \u00e9 burra. \u00c9 anta!\u201d. O v\u00eddeo registra reflex\u00f5es do autor sobre o processo de cria\u00e7\u00e3o da obra, suas motiva\u00e7\u00f5es e o cuidado na abordagem de temas relacionados \u00e0 linguagem e \u00e0 forma\u00e7\u00e3o de valores. Na conversa, Viveiros comenta a origem do livro, que parte do inc\u00f4modo com o uso de express\u00f5es pejorativas no cotidiano, especialmente entre crian\u00e7as, e destaca o car\u00e1ter educativo da narrativa, constru\u00edda a partir de pesquisa e di\u00e1logo [&hellip;]<\/p>\n","protected":false},"author":3,"featured_media":6268,"comment_status":"open","ping_status":"open","sticky":false,"template":"","format":"standard","meta":{"footnotes":""},"categories":[11],"tags":[],"class_list":["post-6267","post","type-post","status-publish","format-standard","has-post-thumbnail","hentry","category-noticias"],"_links":{"self":[{"href":"https:\/\/www.apedu.org.br\/site\/wp-json\/wp\/v2\/posts\/6267","targetHints":{"allow":["GET"]}}],"collection":[{"href":"https:\/\/www.apedu.org.br\/site\/wp-json\/wp\/v2\/posts"}],"about":[{"href":"https:\/\/www.apedu.org.br\/site\/wp-json\/wp\/v2\/types\/post"}],"author":[{"embeddable":true,"href":"https:\/\/www.apedu.org.br\/site\/wp-json\/wp\/v2\/users\/3"}],"replies":[{"embeddable":true,"href":"https:\/\/www.apedu.org.br\/site\/wp-json\/wp\/v2\/comments?post=6267"}],"version-history":[{"count":1,"href":"https:\/\/www.apedu.org.br\/site\/wp-json\/wp\/v2\/posts\/6267\/revisions"}],"predecessor-version":[{"id":6269,"href":"https:\/\/www.apedu.org.br\/site\/wp-json\/wp\/v2\/posts\/6267\/revisions\/6269"}],"wp:featuredmedia":[{"embeddable":true,"href":"https:\/\/www.apedu.org.br\/site\/wp-json\/wp\/v2\/media\/6268"}],"wp:attachment":[{"href":"https:\/\/www.apedu.org.br\/site\/wp-json\/wp\/v2\/media?parent=6267"}],"wp:term":[{"taxonomy":"category","embeddable":true,"href":"https:\/\/www.apedu.org.br\/site\/wp-json\/wp\/v2\/categories?post=6267"},{"taxonomy":"post_tag","embeddable":true,"href":"https:\/\/www.apedu.org.br\/site\/wp-json\/wp\/v2\/tags?post=6267"}],"curies":[{"name":"wp","href":"https:\/\/api.w.org\/{rel}","templated":true}]}}