{"id":6272,"date":"2026-05-02T20:04:21","date_gmt":"2026-05-02T23:04:21","guid":{"rendered":"https:\/\/www.apedu.org.br\/site\/?p=6272"},"modified":"2026-05-03T00:17:03","modified_gmt":"2026-05-03T03:17:03","slug":"anna-maria-pessoa-de-carvalho-uma-vida-dedicada-ao-ensino-de-ciencias-e-a-pesquisa-e-formacao-de-professores","status":"publish","type":"post","link":"https:\/\/www.apedu.org.br\/site\/anna-maria-pessoa-de-carvalho-uma-vida-dedicada-ao-ensino-de-ciencias-e-a-pesquisa-e-formacao-de-professores\/","title":{"rendered":"Anna Maria Pessoa de Carvalho: uma vida dedicada \u00e0 pesquisa do ensino de ci\u00eancias e f\u00edsica e \u00e0 forma\u00e7\u00e3o de professores"},"content":{"rendered":"\n<figure class=\"wp-block-image size-full\"><img loading=\"lazy\" decoding=\"async\" width=\"200\" height=\"178\" src=\"https:\/\/www.apedu.org.br\/site\/wp-content\/uploads\/2026\/05\/image.jpeg\" alt=\"\" class=\"wp-image-6278\"\/><\/figure>\n\n\n\n<p><br>A educa\u00e7\u00e3o brasileira perde uma de suas mais importantes refer\u00eancias com o falecimento da professora Anna Maria Pessoa de Carvalho, cuja trajet\u00f3ria acad\u00eamica e intelectual deixou marcas profundas na forma\u00e7\u00e3o de professores e no ensino de Ci\u00eancias no pa\u00eds.<\/p>\n\n\n\n<p>Professora titular da Faculdade de Educa\u00e7\u00e3o da Universidade de S\u00e3o Paulo (FEUSP), Anna Maria construiu uma carreira pautada pelo rigor, pela consist\u00eancia te\u00f3rica e por um compromisso permanente com a melhoria da aprendizagem. Foi uma das principais respons\u00e1veis por consolidar, no Brasil, o campo do ensino de Ci\u00eancias como \u00e1rea de investiga\u00e7\u00e3o e pr\u00e1tica pedag\u00f3gica qualificada.<\/p>\n\n\n\n<p>Sua contribui\u00e7\u00e3o mais marcante esteve na defesa do ensino de Ci\u00eancias e de F\u00edsica por investiga\u00e7\u00e3o, abordagem que valoriza o protagonismo do aluno, a experimenta\u00e7\u00e3o e a constru\u00e7\u00e3o ativa do conhecimento. Ao longo de d\u00e9cadas, suas pesquisas, orienta\u00e7\u00f5es e publica\u00e7\u00f5es influenciaram gera\u00e7\u00f5es de professores e pesquisadores, contribuindo para transformar pr\u00e1ticas pedag\u00f3gicas e fortalecer a forma\u00e7\u00e3o docente.<\/p>\n\n\n\n<p>Entre aqueles que conviveram com sua atua\u00e7\u00e3o, a marca formativa de seu trabalho permanece viva. Como destacou a educadora K\u00e1tia Smole, sua ex-aluna: \u201cPara todos n\u00f3s que fomos alunos de Anna Maria Pessoa de Carvalho, ficou como marca formativa a compreens\u00e3o de que pesquisa e ensino por investiga\u00e7\u00e3o s\u00e3o indissoci\u00e1veis \u2014 princ\u00edpio que fundamenta tanto a produ\u00e7\u00e3o rigorosa do conhecimento quanto a forma\u00e7\u00e3o de professores e pesquisadores em Educa\u00e7\u00e3o em Ci\u00eancias.\u201d<\/p>\n\n\n\n<p>Reconhecida por sua clareza intelectual e por sua dedica\u00e7\u00e3o ao trabalho acad\u00eamico, Anna Maria tamb\u00e9m se destacou pela generosidade no conv\u00edvio, pela escuta atenta e pela disposi\u00e7\u00e3o constante ao di\u00e1logo. Sua presen\u00e7a em espa\u00e7os institucionais e acad\u00eamicos era sempre marcada pela seriedade e pelo compromisso com a educa\u00e7\u00e3o p\u00fablica de qualidade.<\/p>\n\n\n\n<p>Membro da Academia Paulista de Educa\u00e7\u00e3o, deixa um legado s\u00f3lido e duradouro, que continuar\u00e1 a inspirar o pensamento educacional brasileiro. Como ressaltou o presidente da Academia, Hubert Alqu\u00e9res, \u201cAnna Maria foi uma refer\u00eancia maior na forma\u00e7\u00e3o de professores e no ensino de Ci\u00eancias no Brasil. Sua contribui\u00e7\u00e3o intelectual e sua dedica\u00e7\u00e3o \u00e0 educa\u00e7\u00e3o deixam um legado duradouro.\u201d Em manifesta\u00e7\u00e3o breve e sentida, a acad\u00eamica Maria Helena Guimar\u00e3es de Castro afirmou: \u201cMuito triste, gostava muito dela.\u201d O acad\u00eamico Nacim Walter Chieco tamb\u00e9m registrou: \u201cMuito triste essa not\u00edcia. A APE enlutada. Anna Maria, grande batalhadora da educa\u00e7\u00e3o p\u00fablica.\u201d<\/p>\n\n\n\n<p>Neste momento de despedida, a Academia Paulista de Educa\u00e7\u00e3o se une a familiares, amigos, alunos e colegas para reconhecer uma vida inteiramente dedicada \u00e0 educa\u00e7\u00e3o.<\/p>\n\n\n\n<p>\u2014\u2014\u2014\u2014\u2014\u2014<\/p>\n\n\n\n<p>Vel\u00f3rio: Faculdade de Educa\u00e7\u00e3o da USP (FEUSP)<br>Hor\u00e1rio: das 9h \u00e0s 13h do dia 03 de maio de 2026<br>Sepultamento: \u00e0s 14h, no Cemit\u00e9rio da Consola\u00e7\u00e3o, S\u00e3o Paulo<\/p>\n","protected":false},"excerpt":{"rendered":"<p>A educa\u00e7\u00e3o brasileira perde uma de suas mais importantes refer\u00eancias com o falecimento da professora Anna Maria Pessoa de Carvalho, cuja trajet\u00f3ria acad\u00eamica e intelectual deixou marcas profundas na forma\u00e7\u00e3o de professores e no ensino de Ci\u00eancias no pa\u00eds. Professora titular da Faculdade de Educa\u00e7\u00e3o da Universidade de S\u00e3o Paulo (FEUSP), Anna Maria construiu uma carreira pautada pelo rigor, pela consist\u00eancia te\u00f3rica e por um compromisso permanente com a melhoria da aprendizagem. Foi uma das principais respons\u00e1veis por consolidar, no Brasil, o campo do ensino de Ci\u00eancias como \u00e1rea de investiga\u00e7\u00e3o e pr\u00e1tica pedag\u00f3gica qualificada. Sua contribui\u00e7\u00e3o mais marcante esteve [&hellip;]<\/p>\n","protected":false},"author":3,"featured_media":6278,"comment_status":"open","ping_status":"open","sticky":false,"template":"","format":"standard","meta":{"footnotes":""},"categories":[11],"tags":[],"class_list":["post-6272","post","type-post","status-publish","format-standard","has-post-thumbnail","hentry","category-noticias"],"_links":{"self":[{"href":"https:\/\/www.apedu.org.br\/site\/wp-json\/wp\/v2\/posts\/6272","targetHints":{"allow":["GET"]}}],"collection":[{"href":"https:\/\/www.apedu.org.br\/site\/wp-json\/wp\/v2\/posts"}],"about":[{"href":"https:\/\/www.apedu.org.br\/site\/wp-json\/wp\/v2\/types\/post"}],"author":[{"embeddable":true,"href":"https:\/\/www.apedu.org.br\/site\/wp-json\/wp\/v2\/users\/3"}],"replies":[{"embeddable":true,"href":"https:\/\/www.apedu.org.br\/site\/wp-json\/wp\/v2\/comments?post=6272"}],"version-history":[{"count":7,"href":"https:\/\/www.apedu.org.br\/site\/wp-json\/wp\/v2\/posts\/6272\/revisions"}],"predecessor-version":[{"id":6282,"href":"https:\/\/www.apedu.org.br\/site\/wp-json\/wp\/v2\/posts\/6272\/revisions\/6282"}],"wp:featuredmedia":[{"embeddable":true,"href":"https:\/\/www.apedu.org.br\/site\/wp-json\/wp\/v2\/media\/6278"}],"wp:attachment":[{"href":"https:\/\/www.apedu.org.br\/site\/wp-json\/wp\/v2\/media?parent=6272"}],"wp:term":[{"taxonomy":"category","embeddable":true,"href":"https:\/\/www.apedu.org.br\/site\/wp-json\/wp\/v2\/categories?post=6272"},{"taxonomy":"post_tag","embeddable":true,"href":"https:\/\/www.apedu.org.br\/site\/wp-json\/wp\/v2\/tags?post=6272"}],"curies":[{"name":"wp","href":"https:\/\/api.w.org\/{rel}","templated":true}]}}